{"id":1286,"date":"2021-11-06T12:37:12","date_gmt":"2021-11-06T12:37:12","guid":{"rendered":"http:\/\/stadtkapelle-laufen.de\/?p=1286"},"modified":"2022-09-16T21:13:12","modified_gmt":"2022-09-16T21:13:12","slug":"die-stimmung-stimmt","status":"publish","type":"post","link":"https:\/\/stadtkapelle-laufen.de\/?p=1286","title":{"rendered":"Die Stimmung stimmt"},"content":{"rendered":"\n<h4 class=\"wp-block-heading\" id=\"wir-blicken-auf-ein-forderndes-vereinsjahr-zuruck-und-motiviert-voraus\"><strong>Wir blicken auf ein forderndes Vereinsjahr zur\u00fcck<\/strong><br><strong>\u2013 und motiviert voraus<\/strong><\/h4>\n\n\n\n<p><strong>Zehn Monate Probenverbot seit Fr\u00fchjahr 2020 und trotzdem viel bewegt: Das ist das Fazit unserer Jahreshauptversammlung im Gasthof Greimel. Neben Neuwahlen standen eine \u00fcberraschende Ehrung und der Blick nach vorn auf dem Programm.<\/strong><\/p>\n\n\n\n<p>Zuvor berichtete Vorstand Thomas Surrer \u00fcber den Status der Kapelle: 55 aktive und 148 Passive Mitglieder z\u00e4hlt der Verein, dazu drei Ehrenmitglieder. \u201eBesonders freut mich, dass wir in diesem schwierigen Jahr kaum Musiker verloren, sondern sogar aktive Mitglieder hinzugewonnen haben\u201c, so Surrer. <\/p>\n\n\n\n<p>Die Stimmung in der Kapelle stimmt, gro\u00dfen Anteil daran hat unser Kapellmeister Mikl\u00f3s K\u00e9meny, der als Profi das Orchester entsprechend fordert und f\u00f6rdert.<\/p>\n\n\n\n<p><strong>Lediglich die Marketenderinnen haben mit dem Lockdown aufgeh\u00f6rt. Mit der langsamen \u00dcberwindung der Corona-Krise suchen wir nun aber Nachfolgerinnen und freut sich \u00fcber jeden Vorschlag.<\/strong><\/p>\n\n\n\n<p>21 Kinder und Jugendliche befinden sich derzeit in der Ausbildung, wie Jugendwart Lukas Ramgraber sagte. Besonders erfreulich: Einige spielen bereits in der gro\u00dfen Kapelle mit. Weniger erfreulich: W\u00e4hrend der Einzelunterricht im Lockdown per Videochat m\u00f6glich war, fielen Gruppenstunden und Ausfl\u00fcge leider aus.<\/p>\n\n\n\n<p>Neu in der Vorstandschaft der Stadtkapelle: Bl\u00e4serklassenleiterin Bianca Schittek als neuer Jugendwart und Stabf\u00fchrer Mathias Surer als Beisitzer <\/p>\n\n\n\n<h2 class=\"wp-block-heading\" id=\"hilfe-von-vielen-seiten\"><strong>Hilfe von vielen\nSeiten<\/strong><\/h2>\n\n\n\n<p>Vorstand Thomas Surrer\nbetonte, dass zahlreiche Akteure dem Orchester in dem \u00fcberaus fordernden\nVereinsjahr zur Seite standen. So habe besonders der Musikbund von Ober- und\nNiederbayern (MON) gezeigt, was ein Verband in der Krise leisten kann &#8211; durch\nInformationen, Lobbying und dem Lukrieren von Staatshilfen f\u00fcr die\nMusikkapellen.<\/p>\n\n\n\n<p>Hinzu kamen\nunverhoffte Spenden, wie auch Kassier Johann Surrer in seinem Bericht darlegte.\nDer Verein stehe daher auf einer soliden finanziellen Basis.<\/p>\n\n\n\n<p>\u201eZudem hat uns Stadt\nLaufen stark unterst\u00fctzt, besonders Kulturreferent Werner Eckl. Er hat 2020 ein\nmusikalisches Adventsprogramm auf die Beine gestellt. Die Stadtr\u00e4te selbst\nh\u00e4tten die Einhaltung der Corona-Ma\u00dfnahmen kontrolliert. Dennoch ist unser\nAdventskonzert 2020 geplatzt\u201c, so Thomas Surrer.<\/p>\n\n\n\n<p><\/p>\n\n\n\n<figure class=\"wp-block-image size-large\"><img loading=\"lazy\" decoding=\"async\" width=\"1024\" height=\"576\" src=\"https:\/\/stadtkapelle-laufen.de\/wp-content\/uploads\/2021\/11\/fashcingszug-1024x576.jpg\" alt=\"\" class=\"wp-image-1288\" srcset=\"https:\/\/stadtkapelle-laufen.de\/wp-content\/uploads\/2021\/11\/fashcingszug-1024x576.jpg 1024w, https:\/\/stadtkapelle-laufen.de\/wp-content\/uploads\/2021\/11\/fashcingszug-300x169.jpg 300w, https:\/\/stadtkapelle-laufen.de\/wp-content\/uploads\/2021\/11\/fashcingszug-768x432.jpg 768w, https:\/\/stadtkapelle-laufen.de\/wp-content\/uploads\/2021\/11\/fashcingszug.jpg 1440w\" sizes=\"auto, (max-width: 1024px) 100vw, 1024px\" \/><figcaption>Faschingszug <\/figcaption><\/figure>\n\n\n\n<h2 class=\"wp-block-heading\" id=\"schwierige-zeiten\">Schwierige Zeiten<\/h2>\n\n\n\n<p>Der R\u00fcckblick von Schriftf\u00fchrer Gottfried Schauer zeigte, dass 2020 nur noch der Faschingszug in Laufen und das Kurkonzert in Bad Reichenhall unbeschwert bestritten werden konnten. Danach kam der erste Lockdown, das Fr\u00fchlingskonzert wurde abgesagt, zahlreiche Online-Krisentreffen besch\u00e4ftigten die Vorstandschaft.  <\/p>\n\n\n\n<p>Erst drei Monate sp\u00e4ter, konnten die Musiker wieder in den\nProbebetrieb starten. \u201eWir begannen mit Freiluftproben. Hier half uns der\nK\u00fchlanh\u00e4nger, den wir 2019 von Sponsoren bekommen haben. Wir nutzen ihn als\nmobiles Probelokal f\u00fcr St\u00fchle, Notenst\u00e4nder etc.\u201c, schilderte Surrer. Im Sommer\n2020 startete die Stadtkapelle dann eine musikalische Tour mit Stationen am\nAbtsee, beim Caf\u00e9 Steinbach und am Trachtenheim.<\/p>\n\n\n\n<p>\u201eIm Herbst waren wir leider wieder mit Krisenmanagement besch\u00e4ftigt, aufgrund der Abst\u00e4nde probten wir bis zum n\u00e4chsten Lockdown im Pfarrheim Laufen. Danke hier an die Pfarrgemeinderat Laufen f\u00fcr die schnelle und unb\u00fcrokratische Hilfe\u201c, sagte Gottfried Schauer.<\/p>\n\n\n\n<figure class=\"wp-block-image size-large\"><img loading=\"lazy\" decoding=\"async\" width=\"1024\" height=\"576\" src=\"https:\/\/stadtkapelle-laufen.de\/wp-content\/uploads\/2021\/11\/freiluftprobe-1024x576.jpg\" alt=\"\" class=\"wp-image-1289\" srcset=\"https:\/\/stadtkapelle-laufen.de\/wp-content\/uploads\/2021\/11\/freiluftprobe-1024x576.jpg 1024w, https:\/\/stadtkapelle-laufen.de\/wp-content\/uploads\/2021\/11\/freiluftprobe-300x169.jpg 300w, https:\/\/stadtkapelle-laufen.de\/wp-content\/uploads\/2021\/11\/freiluftprobe-768x432.jpg 768w, https:\/\/stadtkapelle-laufen.de\/wp-content\/uploads\/2021\/11\/freiluftprobe.jpg 1440w\" sizes=\"auto, (max-width: 1024px) 100vw, 1024px\" \/><figcaption>Freiluftprobe<\/figcaption><\/figure>\n\n\n\n<h2 class=\"wp-block-heading\" id=\"neustart-nach-sieben-monaten\">Neustart nach sieben Monaten<\/h2>\n\n\n\n<p>Das Vereinsleben wurde im Oktober dann erneut verboten \u2013 und zwar vom 14. Oktober bis zum 26. Mai 2021. \u201eSieben Monate keine Musi! Das war wirklich traurig\u201c, so Thomas Surrer. Online trafen sich die Musiker zwar zu Quizabenden, gestalteten einen Online-Adventskalender und spielten einen Marsch ein \u2013 aber das gemeinsame Musizieren ersetzen solche Aktionen nicht.<\/p>\n\n\n\n<p>Umso mehr freuten wir uns, dass es im Mai 2021 wieder losging \u2013 wieder in Form von Freiluftproben. Langsam normalisierte sich das Vereinsleben: Wir konnten die Sommernachtskonzerte organisieren und selbst eines davon bestreiten, zwei Kurkonzerte spielen und beim Sternmarsch in Oberndorf, sowie beim \u201eGaufest dahoam\u201c der Trachtler mitwirken.<\/p>\n\n\n\n<p><strong>Nun hoffen wir, dass das Adventskonzert am dritten Adventsonntag, 12. Dezember 2021, um 16 Uhr in der Stiftskirche stattfinden kann.<\/strong><\/p>\n\n\n\n<figure class=\"wp-block-image size-large\"><img loading=\"lazy\" decoding=\"async\" width=\"678\" height=\"1024\" src=\"https:\/\/stadtkapelle-laufen.de\/wp-content\/uploads\/2021\/11\/Thomas-Surrer-Manfred-Stelzig-678x1024.jpg\" alt=\"\" class=\"wp-image-1290\" srcset=\"https:\/\/stadtkapelle-laufen.de\/wp-content\/uploads\/2021\/11\/Thomas-Surrer-Manfred-Stelzig-678x1024.jpg 678w, https:\/\/stadtkapelle-laufen.de\/wp-content\/uploads\/2021\/11\/Thomas-Surrer-Manfred-Stelzig-199x300.jpg 199w, https:\/\/stadtkapelle-laufen.de\/wp-content\/uploads\/2021\/11\/Thomas-Surrer-Manfred-Stelzig-768x1159.jpg 768w, https:\/\/stadtkapelle-laufen.de\/wp-content\/uploads\/2021\/11\/Thomas-Surrer-Manfred-Stelzig-1018x1536.jpg 1018w, https:\/\/stadtkapelle-laufen.de\/wp-content\/uploads\/2021\/11\/Thomas-Surrer-Manfred-Stelzig-1357x2048.jpg 1357w, https:\/\/stadtkapelle-laufen.de\/wp-content\/uploads\/2021\/11\/Thomas-Surrer-Manfred-Stelzig.jpg 1490w\" sizes=\"auto, (max-width: 678px) 100vw, 678px\" \/><\/figure>\n\n\n\n<p>Vorstand Thomas Surrer (links) \u00fcberraschte Manfred Stelzig mit der Goldenen Ehrennadel f\u00fcr 40 Jahre Verdienste um die Blasmusik.<\/p>\n\n\n\n<h2 class=\"wp-block-heading\" id=\"wahlen-mit-neuen-gesichtern\"><strong>Wahlen mit neuen Gesichtern<\/strong><\/h2>\n\n\n\n<p>Nach den Berichten standen turnusgenm\u00e4\u00dfe Neuwahlen auf dem Programm.\nBrigitte Rudholzer, Laufens zweite B\u00fcrgermeisterin, leitete die Abstimmung.\nZuvor bedankte sie sich daf\u00fcr, dass der Verein seine Visionen tats\u00e4chlich\numsetzt und die Blasmusik in Laufen erfolgreich voranbringt. <\/p>\n\n\n\n<p>Bei der Wahl wurde die bestehende Vorstandschaft Gro\u00dfteils\nbest\u00e4tigt. Lediglich Jugendwart Lukas Ramgraber stellte sich nicht erneut zur\nWahl, ihm folgt Bianca Schittek ins Amt. Sie ist bereits Leiterin der\nBl\u00e4serklasse und somit pr\u00e4destiniert f\u00fcr diese Funktion.<\/p>\n\n\n\n<p>Auf eigenen Wunsch ausgeschieden sind auch die Beisitzerinnen Steffi M\u00fchlthaler und Leni Geigl. Ihre L\u00fccke in der Vorstandschaft f\u00fcllt ab sofort Stabf\u00fchrer Mathias Surer. <\/p>\n\n\n\n<p><strong>Zum Abschluss der Versammlung \u00fcberraschte Thomas Surrer einen seiner Musiker mit einer goldenen Ehrennadel: Er konnte dem \u201eTrompetenopa\u201c Manfred Stelzig f\u00fcr 40 Jahre Verdienste um die Blasmusik ehren. <\/strong><\/p>\n\n\n\n<p>Gemeinsam blicken die Musiker nun nach vorn: F\u00fcr 2022 sind wieder mehrere Konzerte und ein Parkfest geplant. Und auch im Nachwuchsbereich gibt einige Projekte in der Pipeline.  <\/p>\n\n\n\n<p>Beitragsbild: Pexel\/ Jean-Paul Wright<\/p>\n","protected":false},"excerpt":{"rendered":"<p>Wir blicken auf ein forderndes Vereinsjahr zur\u00fcck\u2013 und motiviert voraus Zehn Monate Probenverbot seit Fr\u00fchjahr 2020 und trotzdem viel bewegt: Das ist das Fazit unserer Jahreshauptversammlung im Gasthof Greimel. Neben Neuwahlen standen eine \u00fcberraschende Ehrung und der Blick nach vorn auf dem Programm. Zuvor berichtete Vorstand Thomas Surrer \u00fcber den Status der Kapelle: 55 aktive &hellip; <a href=\"https:\/\/stadtkapelle-laufen.de\/?p=1286\" class=\"more-link\"><span class=\"screen-reader-text\">Die Stimmung stimmt<\/span> weiterlesen <span class=\"meta-nav\">&rarr;<\/span><\/a><\/p>\n","protected":false},"author":1,"featured_media":1295,"comment_status":"closed","ping_status":"closed","sticky":false,"template":"","format":"standard","meta":{"footnotes":""},"categories":[11],"tags":[],"class_list":["post-1286","post","type-post","status-publish","format-standard","has-post-thumbnail","hentry","category-verein"],"_links":{"self":[{"href":"https:\/\/stadtkapelle-laufen.de\/index.php?rest_route=\/wp\/v2\/posts\/1286","targetHints":{"allow":["GET"]}}],"collection":[{"href":"https:\/\/stadtkapelle-laufen.de\/index.php?rest_route=\/wp\/v2\/posts"}],"about":[{"href":"https:\/\/stadtkapelle-laufen.de\/index.php?rest_route=\/wp\/v2\/types\/post"}],"author":[{"embeddable":true,"href":"https:\/\/stadtkapelle-laufen.de\/index.php?rest_route=\/wp\/v2\/users\/1"}],"replies":[{"embeddable":true,"href":"https:\/\/stadtkapelle-laufen.de\/index.php?rest_route=%2Fwp%2Fv2%2Fcomments&post=1286"}],"version-history":[{"count":7,"href":"https:\/\/stadtkapelle-laufen.de\/index.php?rest_route=\/wp\/v2\/posts\/1286\/revisions"}],"predecessor-version":[{"id":1395,"href":"https:\/\/stadtkapelle-laufen.de\/index.php?rest_route=\/wp\/v2\/posts\/1286\/revisions\/1395"}],"wp:featuredmedia":[{"embeddable":true,"href":"https:\/\/stadtkapelle-laufen.de\/index.php?rest_route=\/wp\/v2\/media\/1295"}],"wp:attachment":[{"href":"https:\/\/stadtkapelle-laufen.de\/index.php?rest_route=%2Fwp%2Fv2%2Fmedia&parent=1286"}],"wp:term":[{"taxonomy":"category","embeddable":true,"href":"https:\/\/stadtkapelle-laufen.de\/index.php?rest_route=%2Fwp%2Fv2%2Fcategories&post=1286"},{"taxonomy":"post_tag","embeddable":true,"href":"https:\/\/stadtkapelle-laufen.de\/index.php?rest_route=%2Fwp%2Fv2%2Ftags&post=1286"}],"curies":[{"name":"wp","href":"https:\/\/api.w.org\/{rel}","templated":true}]}}