{"id":1265,"date":"2021-08-07T09:35:01","date_gmt":"2021-08-07T09:35:01","guid":{"rendered":"http:\/\/stadtkapelle-laufen.de\/?p=1265"},"modified":"2021-08-07T09:52:41","modified_gmt":"2021-08-07T09:52:41","slug":"abzeichen-und-ehrungen","status":"publish","type":"post","link":"https:\/\/stadtkapelle-laufen.de\/?p=1265","title":{"rendered":"Abzeichen und Ehrungen"},"content":{"rendered":"\n<p>Im Rahmen unseres Sommernachtskonzertes durften wir zahlreiche Abzeichen, Ehrungen und Urkunden verleihen.<\/p>\n\n\n\n<p><strong>Abzeichen<\/strong><\/p>\n\n\n\n<p>Besonders freuen wir uns \u00fcber den musikalischen Nachwuchs in unseren Reihen und \u00fcber unserem neuen Leiter, wenn wir marschieren. <\/p>\n\n\n\n<p>Clara Garcia (Bronze) &#8211; Klarinette<br>Linus Krauss (Bronze) &#8211; Schlagzeug  <br>Anna Streibl (Bronze) &#8211; Querfl\u00f6te<br>Pascal Ramgraber (Silber) &#8211; Schlagzeug<br>Matthias Surer &#8211; gepr\u00fcfter Stabf\u00fchrer<\/p>\n\n\n\n<figure class=\"wp-block-image size-large\"><img loading=\"lazy\" decoding=\"async\" width=\"1024\" height=\"770\" src=\"https:\/\/stadtkapelle-laufen.de\/wp-content\/uploads\/2021\/08\/00000037-1024x770.jpg\" alt=\"\" class=\"wp-image-1267\" srcset=\"https:\/\/stadtkapelle-laufen.de\/wp-content\/uploads\/2021\/08\/00000037-1024x770.jpg 1024w, https:\/\/stadtkapelle-laufen.de\/wp-content\/uploads\/2021\/08\/00000037-300x225.jpg 300w, https:\/\/stadtkapelle-laufen.de\/wp-content\/uploads\/2021\/08\/00000037-768x577.jpg 768w, https:\/\/stadtkapelle-laufen.de\/wp-content\/uploads\/2021\/08\/00000037-1536x1154.jpg 1536w, https:\/\/stadtkapelle-laufen.de\/wp-content\/uploads\/2021\/08\/00000037.jpg 2000w\" sizes=\"auto, (max-width: 1024px) 100vw, 1024px\" \/><\/figure>\n\n\n\n<p><strong>Ehrungen<\/strong><\/p>\n\n\n\n<p>Hochleben d\u00fcrfen wir auch die Musiker, welche schon Jahre und Jahrzehnte bei uns mitspielen &#8211; und mithelfen:<\/p>\n\n\n\n<p>Paul Fehsenmayr (15 Jahre)<br>Lukas Ramgraber (15 Jahre)<br>Christian Surrer (15 Jahre)<br>Maximilian Surer (15 Jahre)<\/p>\n\n\n\n<p>Johann Surrer (25 Jahre)<br>Franz Surrer (25 Jahre)<\/p>\n\n\n\n<p>Roland Ramgraber (40 Jahre)<\/p>\n\n\n\n<figure class=\"wp-block-image size-large\"><img loading=\"lazy\" decoding=\"async\" width=\"1024\" height=\"770\" src=\"https:\/\/stadtkapelle-laufen.de\/wp-content\/uploads\/2021\/08\/00000018-1024x770.jpg\" alt=\"\" class=\"wp-image-1269\" srcset=\"https:\/\/stadtkapelle-laufen.de\/wp-content\/uploads\/2021\/08\/00000018-1024x770.jpg 1024w, https:\/\/stadtkapelle-laufen.de\/wp-content\/uploads\/2021\/08\/00000018-300x225.jpg 300w, https:\/\/stadtkapelle-laufen.de\/wp-content\/uploads\/2021\/08\/00000018-768x577.jpg 768w, https:\/\/stadtkapelle-laufen.de\/wp-content\/uploads\/2021\/08\/00000018-1536x1154.jpg 1536w, https:\/\/stadtkapelle-laufen.de\/wp-content\/uploads\/2021\/08\/00000018.jpg 2000w\" sizes=\"auto, (max-width: 1024px) 100vw, 1024px\" \/><\/figure>\n\n\n\n<p><strong>Urkunden f\u00fcr Sponsoren<\/strong><\/p>\n\n\n\n<p>Pers\u00f6nlich danke sagen konnten wir auch bei unseren Sponsoren unseres K\u00fchlanh\u00e4ngers, die zum Konzert kommen konnten:<\/p>\n\n\n\n<p>Raiffeisenbank Rupertiwinkel eG<br>Rehrl Hausverwaltung<br>Schwindt-Engineering<br>Blasinstrumente Resch<br>Greimel S\u00e4fte<br>Lernstudio Konrad<br>Malerbetrieb Manuela Slawik<br>Teufl Messekonzepte<br>Metzgerei Sichert<br>Taxi Hinz<\/p>\n\n\n\n<figure class=\"wp-block-image size-large\"><img loading=\"lazy\" decoding=\"async\" width=\"1024\" height=\"509\" src=\"https:\/\/stadtkapelle-laufen.de\/wp-content\/uploads\/2021\/08\/4.1-Sponsoren-1024x509.jpg\" alt=\"\" class=\"wp-image-1277\" srcset=\"https:\/\/stadtkapelle-laufen.de\/wp-content\/uploads\/2021\/08\/4.1-Sponsoren-1024x509.jpg 1024w, https:\/\/stadtkapelle-laufen.de\/wp-content\/uploads\/2021\/08\/4.1-Sponsoren-300x149.jpg 300w, https:\/\/stadtkapelle-laufen.de\/wp-content\/uploads\/2021\/08\/4.1-Sponsoren-768x382.jpg 768w, https:\/\/stadtkapelle-laufen.de\/wp-content\/uploads\/2021\/08\/4.1-Sponsoren-1536x764.jpg 1536w, https:\/\/stadtkapelle-laufen.de\/wp-content\/uploads\/2021\/08\/4.1-Sponsoren.jpg 2000w\" sizes=\"auto, (max-width: 1024px) 100vw, 1024px\" \/><figcaption>OLYMPUS DIGITAL CAMERA<\/figcaption><\/figure>\n\n\n\n<p>Die vollst\u00e4ndige Liste aller Sponsoren lautet:<\/p>\n\n\n\n<figure class=\"wp-block-table\"><table class=\"\"><tbody><tr><td><strong>&nbsp;Branche&nbsp;<\/strong><\/td><td><strong>&nbsp;Kunde&nbsp;<\/strong><\/td><td><strong>Homepage<\/strong><\/td><\/tr><tr><td>Apotheken<\/td><td>Salzach-Apotheke<\/td><td><a href=\"http:\/\/www.salzach-apotheke.de\/\" target=\"_blank\" rel=\"noreferrer noopener\">www.salzach-apotheke.de<\/a><\/td><\/tr><tr><td>Bank<\/td><td>Raiffeisenbank Rupertiwinkel eG<\/td><td><a href=\"http:\/\/www.raiba-rupertiwinkel.de\/\" target=\"_blank\" rel=\"noreferrer noopener\">www.raiba-rupertiwinkel.de<\/a><\/td><\/tr><tr><td>Beleuchtung<\/td><td>LUXMUNDI<\/td><td><a href=\"http:\/\/www.luxmundi.at\/\" target=\"_blank\" rel=\"noreferrer noopener\">www.luxmundi.at<\/a><\/td><\/tr><tr><td>B\u00fcgelstudio<\/td><td>Natis B\u00fcgelservice<\/td><td><a href=\"http:\/\/www.natis-buegelservice.de\/\" target=\"_blank\" rel=\"noreferrer noopener\">www.natis-buegelservice.de<\/a><\/td><\/tr><tr><td>Elektroanlagen<\/td><td>Alois Thanbichler Elektroinstallation<\/td><td><\/td><\/tr><tr><td>Fahrschule<\/td><td>Fahrschule Engelmann<\/td><td><a href=\"http:\/\/www.engelmann-fahrschule.de\/\" target=\"_blank\" rel=\"noreferrer noopener\">www.engelmann-fahrschule.de<\/a><\/td><\/tr><tr><td>Feinkost<\/td><td>Medousa Feinkost e. K.<\/td><td><a href=\"http:\/\/www.medousa-feinkost.com\/\" target=\"_blank\" rel=\"noreferrer noopener\">www.medousa-feinkost.com<\/a><\/td><\/tr><tr><td>Hausmeisterservice<\/td><td>H. G. Hausmeister &amp; Reparaturservice<\/td><td><\/td><\/tr><tr><td>Hausverwaltung<\/td><td>R E H R L Hausverwaltung &amp; Immobilien<\/td><td><a href=\"http:\/\/www.hausverwaltung-rehrl.de\/\" target=\"_blank\" rel=\"noreferrer noopener\">www.hausverwaltung-rehrl.de<\/a><\/td><\/tr><tr><td>Heizung &amp; Sanit\u00e4r<\/td><td>Peter Sch\u00f6fecker Heizung Sanit\u00e4r Solar<\/td><td><\/td><\/tr><tr><td>Hofladen<\/td><td>Bio-Michi<\/td><td><a href=\"http:\/\/www.bio-michi.de\/\" target=\"_blank\" rel=\"noreferrer noopener\">www.bio-michi.de<\/a><\/td><\/tr><tr><td>Ingenieurb\u00fcro<\/td><td>Schwindt-Engineering GmbH &amp; Co. KG<\/td><td><a href=\"http:\/\/www.schwindt-engineering.de\/\" target=\"_blank\" rel=\"noreferrer noopener\">www.schwindt-engineering.de<\/a><\/td><\/tr><tr><td>Instrumente<\/td><td>Josef H. Resch<br>Meisterwerkstatt &amp; Handel<\/td><td><a href=\"http:\/\/www.blasinstrumente-resch.de\/\" target=\"_blank\" rel=\"noreferrer noopener\">www.blasinstrumente-resch.de<\/a><\/td><\/tr><tr><td>Lebensmittel<\/td><td>Greimel S\u00e4fte<\/td><td><a href=\"http:\/\/www.greimelsaft.de\/\" target=\"_blank\" rel=\"noreferrer noopener\">www.greimelsaft.de<\/a><\/td><\/tr><tr><td>Lernstudio<\/td><td>Lernstudio Konrad<\/td><td><a href=\"http:\/\/www.lernstudiokonrad.de\/\" target=\"_blank\" rel=\"noreferrer noopener\">www.lernstudiokonrad.de<\/a><\/td><\/tr><tr><td>Maler<\/td><td>Malerbetrieb Manuela Slawik<\/td><td><a href=\"http:\/\/www.manuela-slawik.de\/\" target=\"_blank\" rel=\"noreferrer noopener\">www.manuela-slawik.de<\/a><\/td><\/tr><tr><td>Messest\u00e4nde<\/td><td>Teufl Messekonzepte GbR<\/td><td><a href=\"https:\/\/www.messekonzepte.net\/\" target=\"_blank\" rel=\"noreferrer noopener\">www.messekonzepte.net<\/a><\/td><\/tr><tr><td>Metzgereien<\/td><td>Metzgerei Braunsperger<\/td><td><a href=\"http:\/\/www.braunsperger.de\/\" target=\"_blank\" rel=\"noreferrer noopener\">www.braunsperger.de<\/a><\/td><\/tr><tr><td>Metzgereien<\/td><td>Metzgerei Sichert<\/td><td><a href=\"https:\/\/de-de.facebook.com\/pages\/category\/Butcher-Shop\/Metzgerei-Sichert-1615885688638553\/\" target=\"_blank\" rel=\"noreferrer noopener\">www.metzgerei-sichert\/facebook<\/a><\/td><\/tr><tr><td>Schmuck<\/td><td>Goldschmiede Mandat<\/td><td><a href=\"http:\/\/www.goldschmiede-mandat.de\/\" target=\"_blank\" rel=\"noreferrer noopener\">www.goldschmiede-mandat.de<\/a><\/td><\/tr><tr><td>Taxiunternehmen<\/td><td>Klaus Hinz Taxiunternehmen<\/td><td><a href=\"http:\/\/www.taxi-laufen.com\/\" target=\"_blank\" rel=\"noreferrer noopener\">www.taxi-laufen.com<\/a><\/td><\/tr><\/tbody><\/table><\/figure>\n","protected":false},"excerpt":{"rendered":"<p>Im Rahmen unseres Sommernachtskonzertes durften wir zahlreiche Abzeichen, Ehrungen und Urkunden verleihen. Abzeichen Besonders freuen wir uns \u00fcber den musikalischen Nachwuchs in unseren Reihen und \u00fcber unserem neuen Leiter, wenn wir marschieren. Clara Garcia (Bronze) &#8211; KlarinetteLinus Krauss (Bronze) &#8211; Schlagzeug Anna Streibl (Bronze) &#8211; Querfl\u00f6tePascal Ramgraber (Silber) &#8211; SchlagzeugMatthias Surer &#8211; gepr\u00fcfter Stabf\u00fchrer Ehrungen &hellip; <a href=\"https:\/\/stadtkapelle-laufen.de\/?p=1265\" class=\"more-link\"><span class=\"screen-reader-text\">Abzeichen und Ehrungen<\/span> weiterlesen <span class=\"meta-nav\">&rarr;<\/span><\/a><\/p>\n","protected":false},"author":1,"featured_media":1266,"comment_status":"closed","ping_status":"closed","sticky":false,"template":"","format":"standard","meta":{"footnotes":""},"categories":[11],"tags":[],"class_list":["post-1265","post","type-post","status-publish","format-standard","has-post-thumbnail","hentry","category-verein"],"_links":{"self":[{"href":"https:\/\/stadtkapelle-laufen.de\/index.php?rest_route=\/wp\/v2\/posts\/1265","targetHints":{"allow":["GET"]}}],"collection":[{"href":"https:\/\/stadtkapelle-laufen.de\/index.php?rest_route=\/wp\/v2\/posts"}],"about":[{"href":"https:\/\/stadtkapelle-laufen.de\/index.php?rest_route=\/wp\/v2\/types\/post"}],"author":[{"embeddable":true,"href":"https:\/\/stadtkapelle-laufen.de\/index.php?rest_route=\/wp\/v2\/users\/1"}],"replies":[{"embeddable":true,"href":"https:\/\/stadtkapelle-laufen.de\/index.php?rest_route=%2Fwp%2Fv2%2Fcomments&post=1265"}],"version-history":[{"count":8,"href":"https:\/\/stadtkapelle-laufen.de\/index.php?rest_route=\/wp\/v2\/posts\/1265\/revisions"}],"predecessor-version":[{"id":1278,"href":"https:\/\/stadtkapelle-laufen.de\/index.php?rest_route=\/wp\/v2\/posts\/1265\/revisions\/1278"}],"wp:featuredmedia":[{"embeddable":true,"href":"https:\/\/stadtkapelle-laufen.de\/index.php?rest_route=\/wp\/v2\/media\/1266"}],"wp:attachment":[{"href":"https:\/\/stadtkapelle-laufen.de\/index.php?rest_route=%2Fwp%2Fv2%2Fmedia&parent=1265"}],"wp:term":[{"taxonomy":"category","embeddable":true,"href":"https:\/\/stadtkapelle-laufen.de\/index.php?rest_route=%2Fwp%2Fv2%2Fcategories&post=1265"},{"taxonomy":"post_tag","embeddable":true,"href":"https:\/\/stadtkapelle-laufen.de\/index.php?rest_route=%2Fwp%2Fv2%2Ftags&post=1265"}],"curies":[{"name":"wp","href":"https:\/\/api.w.org\/{rel}","templated":true}]}}