{"id":1179,"date":"2020-03-06T16:56:53","date_gmt":"2020-03-06T16:56:53","guid":{"rendered":"http:\/\/stadtkapelle-laufen.de\/?p=1179"},"modified":"2020-03-06T16:57:57","modified_gmt":"2020-03-06T16:57:57","slug":"dankbares-publikum-in-bad-reichenhall","status":"publish","type":"post","link":"https:\/\/stadtkapelle-laufen.de\/?p=1179","title":{"rendered":"Dankbares Publikum in Bad Reichenhall"},"content":{"rendered":"\n<p><strong>Kurkonzert der Stadtkapelle Laufen gab Einblicke in die Breite der Blasmusik<\/strong><\/p>\n\n\n\n<p>Auf Einladung der Bad Reichenhaller\nPhilharmoniker lie\u00df die Stadtkapelle Laufen am vergangenen Sonntag moderne und\ntraditionelle Blasmusik erklingen. Die Konzertrotunde am k\u00f6niglichen Kurpark\nwar mit rund 150 Zuh\u00f6rern gut gef\u00fcllt, als die 28 Musiker am Nachmittag die\nB\u00fchne betraten. <\/p>\n\n\n\n<p>Unter der Leitung von Mikl\u00f3s Kem\u00e9ny intonierte das Orchester einerseits alte Klassiker, wie die \u201eSch\u00f6ne Serenade\u201c, den \u201eAstronautenmatsch\u201c oder \u201eGru\u00df an B\u00f6hmen\u201c. Andererseits kamen auch St\u00fccke neueren Datums, wie \u201eVon Freund zu Freund\u201c, \u201eEin halbes Jahrhundert\u201c und die \u201eKatharinen-Polka\u201c zur Auff\u00fchrung. Kapellmeister Mikl\u00f3s Kem\u00e9ny dirigierte mit dem \u201eSTS Medley\u201c und \u201eMilovana\u201c zudem zwei musikalische Potpourri, die unterschiedlicher nicht sein k\u00f6nnten.<\/p>\n\n\n\n<figure class=\"wp-block-image size-large\"><img loading=\"lazy\" decoding=\"async\" width=\"1024\" height=\"876\" src=\"https:\/\/stadtkapelle-laufen.de\/wp-content\/uploads\/2020\/03\/Leni-1024x876.jpg\" alt=\"\" class=\"wp-image-1181\" srcset=\"https:\/\/stadtkapelle-laufen.de\/wp-content\/uploads\/2020\/03\/Leni-1024x876.jpg 1024w, https:\/\/stadtkapelle-laufen.de\/wp-content\/uploads\/2020\/03\/Leni-300x257.jpg 300w, https:\/\/stadtkapelle-laufen.de\/wp-content\/uploads\/2020\/03\/Leni-768x657.jpg 768w, https:\/\/stadtkapelle-laufen.de\/wp-content\/uploads\/2020\/03\/Leni-1536x1314.jpg 1536w, https:\/\/stadtkapelle-laufen.de\/wp-content\/uploads\/2020\/03\/Leni-2048x1753.jpg 2048w\" sizes=\"auto, (max-width: 1024px) 100vw, 1024px\" \/><figcaption> Leni Geigl zeigte bei der Blasmusik-Ballade \u201eMy Dream\u201c ihr K\u00f6nnen am Fl\u00fcgelhorn. Fotos:  <br> Stadtkapelle\/Stelzig <\/figcaption><\/figure>\n\n\n\n<p>Nicht zuletzt spielte die Stadtkapelle drei neue\nSt\u00fccke erstmals vor Publikum: Den Konzertmarsch \u201eSalemonia\u201c, die Polka\n\u201eLaunische M\u00e4dchen\u201c und die Blasmusikballade \u201eMy Dream\u201c. Bei \u201eMy Dream\u201c\n\u00fcberzeugte besonders Leni Geigl am Solofl\u00fcgelhorn. Wer das Kurkonzert verpasst\nhat und diese drei St\u00fccke selbst h\u00f6ren will, hat am Palmsamstag, 4. April,\nGelegenheit dazu. Dann veranstaltet die Stadtkapelle ihr eigenes\nFr\u00fchlingskonzert in der Salzachhalle.<\/p>\n\n\n\n<p>Vielleicht sind dann auch einige Besucher des\nKurkonzerts wieder unter den G\u00e4sten. Denkbar w\u00e4re es, da die Zuh\u00f6rer die\nMusikanten erst unter Stehapplaus und nach den drei Zugaben \u201ePrerovanka\u201c,\n\u201eB\u00f6hmischer Traum\u201c und \u201eMein Heimatland\u201c gehen lie\u00dfen. \u201eDie Reichenhaller waren\nein sehr dankbares Publikum, ein Kurgast fragte im Anschluss sogar nach einer\nCD\u201c, zieht Kapellmeister Mikl\u00f3s Kem\u00e9ny ein \u00e4u\u00dferst positives Fazit.<\/p>\n","protected":false},"excerpt":{"rendered":"<p>Kurkonzert der Stadtkapelle Laufen gab Einblicke in die Breite der Blasmusik Auf Einladung der Bad Reichenhaller Philharmoniker lie\u00df die Stadtkapelle Laufen am vergangenen Sonntag moderne und traditionelle Blasmusik erklingen. Die Konzertrotunde am k\u00f6niglichen Kurpark war mit rund 150 Zuh\u00f6rern gut gef\u00fcllt, als die 28 Musiker am Nachmittag die B\u00fchne betraten. Unter der Leitung von Mikl\u00f3s &hellip; <a href=\"https:\/\/stadtkapelle-laufen.de\/?p=1179\" class=\"more-link\"><span class=\"screen-reader-text\">Dankbares Publikum in Bad Reichenhall<\/span> weiterlesen <span class=\"meta-nav\">&rarr;<\/span><\/a><\/p>\n","protected":false},"author":1,"featured_media":1180,"comment_status":"closed","ping_status":"closed","sticky":false,"template":"","format":"standard","meta":{"footnotes":""},"categories":[9],"tags":[],"class_list":["post-1179","post","type-post","status-publish","format-standard","has-post-thumbnail","hentry","category-stammorchester"],"_links":{"self":[{"href":"https:\/\/stadtkapelle-laufen.de\/index.php?rest_route=\/wp\/v2\/posts\/1179","targetHints":{"allow":["GET"]}}],"collection":[{"href":"https:\/\/stadtkapelle-laufen.de\/index.php?rest_route=\/wp\/v2\/posts"}],"about":[{"href":"https:\/\/stadtkapelle-laufen.de\/index.php?rest_route=\/wp\/v2\/types\/post"}],"author":[{"embeddable":true,"href":"https:\/\/stadtkapelle-laufen.de\/index.php?rest_route=\/wp\/v2\/users\/1"}],"replies":[{"embeddable":true,"href":"https:\/\/stadtkapelle-laufen.de\/index.php?rest_route=%2Fwp%2Fv2%2Fcomments&post=1179"}],"version-history":[{"count":2,"href":"https:\/\/stadtkapelle-laufen.de\/index.php?rest_route=\/wp\/v2\/posts\/1179\/revisions"}],"predecessor-version":[{"id":1183,"href":"https:\/\/stadtkapelle-laufen.de\/index.php?rest_route=\/wp\/v2\/posts\/1179\/revisions\/1183"}],"wp:featuredmedia":[{"embeddable":true,"href":"https:\/\/stadtkapelle-laufen.de\/index.php?rest_route=\/wp\/v2\/media\/1180"}],"wp:attachment":[{"href":"https:\/\/stadtkapelle-laufen.de\/index.php?rest_route=%2Fwp%2Fv2%2Fmedia&parent=1179"}],"wp:term":[{"taxonomy":"category","embeddable":true,"href":"https:\/\/stadtkapelle-laufen.de\/index.php?rest_route=%2Fwp%2Fv2%2Fcategories&post=1179"},{"taxonomy":"post_tag","embeddable":true,"href":"https:\/\/stadtkapelle-laufen.de\/index.php?rest_route=%2Fwp%2Fv2%2Ftags&post=1179"}],"curies":[{"name":"wp","href":"https:\/\/api.w.org\/{rel}","templated":true}]}}